{"id":1926,"date":"2025-07-15T15:17:28","date_gmt":"2025-07-15T13:17:28","guid":{"rendered":"https:\/\/www.prownes.pl\/?p=1926"},"modified":"2025-07-15T15:17:28","modified_gmt":"2025-07-15T13:17:28","slug":"czy-warto-zakladac-podwieszany-sufit-w-lokalu-uslugowym","status":"publish","type":"post","link":"https:\/\/www.prownes.pl\/en\/czy-warto-zakladac-podwieszany-sufit-w-lokalu-uslugowym\/","title":{"rendered":"Czy warto zak\u0142ada\u0107 podwieszany sufit w&nbsp;lokalu us\u0142ugowym?"},"content":{"rendered":"<p data-start=\"273\" data-end=\"584\">Podwieszany sufit przez&nbsp;lata kojarzony by\u0142 g\u0142\u00f3wnie z&nbsp;biurami i&nbsp;galeriami handlowymi. Dzi\u015b wraca do&nbsp;\u0142ask \u2013 nie tylko ze wzgl\u0119du na&nbsp;estetyk\u0119, ale&nbsp;tak\u017ce funkcjonalno\u015b\u0107, jak\u0105 oferuje. W lokalach us\u0142ugowych, gdzie liczy si\u0119 i&nbsp;wygl\u0105d, i&nbsp;ergonomia, mo\u017ce by\u0107 jednym z&nbsp;najlepszych rozwi\u0105za\u0144 projektowych. Ale czy&nbsp;zawsze? W tym artykule przygl\u0105damy si\u0119, kiedy warto zdecydowa\u0107 si\u0119 na&nbsp;sufit podwieszany, a&nbsp;kiedy lepiej postawi\u0107 na&nbsp;inne rozwi\u0105zanie.<\/p>\n<h2 data-start=\"718\" data-end=\"760\">Co to w\u0142a\u015bciwie jest sufit podwieszany?<\/h2>\n<p data-start=\"762\" data-end=\"1019\">To lekka konstrukcja montowana poni\u017cej w\u0142a\u015bciwego stropu, najcz\u0119\u015bciej z&nbsp;p\u0142yt gipsowo-kartonowych lub&nbsp;system\u00f3w kasetonowych. W przestrzeni mi\u0119dzy stropem a&nbsp;podwieszonym sufitem mo\u017cna ukry\u0107 przewody, instalacje, nawiewy wentylacji czy&nbsp;systemy przeciwpo\u017carowe.<\/p>\n<p data-start=\"1021\" data-end=\"1184\">W zale\u017cno\u015bci od potrzeb sufit podwieszany mo\u017ce by\u0107 ca\u0142kowicie g\u0142adki i&nbsp;estetyczny \u2013 albo&nbsp;zaprojektowany tak, by pe\u0142ni\u0142 rol\u0119 akustyczn\u0105, techniczn\u0105 lub&nbsp;dekoracyjn\u0105.<\/p>\n<h2 data-start=\"1191\" data-end=\"1250\">5 powod\u00f3w, dla&nbsp;kt\u00f3rych warto rozwa\u017cy\u0107 sufit podwieszany:<\/h2>\n<h3 data-start=\"1252\" data-end=\"1292\">1. <strong data-start=\"1259\" data-end=\"1292\">Estetyczne ukrycie instalacji<\/strong><\/h3>\n<p data-start=\"1294\" data-end=\"1554\">Wi\u0119kszo\u015b\u0107 lokali us\u0142ugowych \u2013 zw\u0142aszcza gastronomicznych \u2013 wymaga rozbudowanej sieci przewod\u00f3w, wentylacji, klimatyzacji, czujnik\u00f3w i&nbsp;g\u0142o\u015bnik\u00f3w. Sufit podwieszany pozwala je wszystkie ukry\u0107 i&nbsp;uzyska\u0107 estetycznie czyst\u0105 przestrze\u0144, bez widocznych rur czy&nbsp;kabli.<\/p>\n<h3 data-start=\"1556\" data-end=\"1582\">2. <strong data-start=\"1563\" data-end=\"1582\">Lepsza akustyka<\/strong><\/h3>\n<p data-start=\"1584\" data-end=\"1852\">W ma\u0142ych kawiarniach czy&nbsp;gabinetach, gdzie wa\u017cna jest cisza i&nbsp;komfort akustyczny, sufit podwieszany pomaga zredukowa\u0107 pog\u0142os i&nbsp;d\u017awi\u0119ki odbijaj\u0105ce si\u0119 od twardych powierzchni. Mo\u017cna go dodatkowo wyposa\u017cy\u0107 w&nbsp;panele akustyczne, co poprawia komfort klient\u00f3w i&nbsp;pracownik\u00f3w.<\/p>\n<h3 data-start=\"1854\" data-end=\"1901\">3. <strong data-start=\"1861\" data-end=\"1901\">Zwi\u0119kszenie efektywno\u015bci o\u015bwietlenia<\/strong><\/h3>\n<p data-start=\"1903\" data-end=\"2141\">Dzi\u0119ki sufitowi podwieszanemu \u0142atwiej r\u00f3wnomiernie rozplanowa\u0107 punkty \u015bwietlne: LED-y, ta\u015bmy, reflektory, o\u015bwietlenie akcentuj\u0105ce strefy. Mo\u017cna r\u00f3wnie\u017c tworzy\u0107 ciekawe efekty wizualne \u2013 np.&nbsp;\u015bwiat\u0142o rozproszone lub&nbsp;ukryte pod&nbsp;lini\u0105 sufitu.<\/p>\n<h3 data-start=\"2143\" data-end=\"2178\">4. <strong data-start=\"2150\" data-end=\"2178\">Szybszy dost\u0119p serwisowy<\/strong><\/h3>\n<p data-start=\"2180\" data-end=\"2434\">Je\u015bli zastosujemy system kasetonowy lub&nbsp;modu\u0142owy, mo\u017cna \u0142atwo demontowa\u0107 wybrane panele \u2013 bez potrzeby kucia tynku czy&nbsp;rozbierania konstrukcji. To szczeg\u00f3lnie przydatne w&nbsp;lokalach dzia\u0142aj\u0105cych niemal non stop \u2013 np.&nbsp;cukierniach, hotelach czy&nbsp;strefach spa.<\/p>\n<h3 data-start=\"2436\" data-end=\"2480\">5. <strong data-start=\"2443\" data-end=\"2480\">Obni\u017cenie wysoko\u015bci pomieszczenia<\/strong><\/h3>\n<p data-start=\"2482\" data-end=\"2693\">Zdarzaj\u0105 si\u0119 wn\u0119trza, kt\u00f3re s\u0105 po&nbsp;prostu zbyt wysokie \u2013 akustycznie i&nbsp;energetycznie. Obni\u017cenie sufitu mo\u017ce:<br \/>\n\u2013 poprawi\u0107 proporcje wn\u0119trza,<br data-start=\"2619\" data-end=\"2622\" \/>\u2013 ograniczy\u0107 echo,<br data-start=\"2640\" data-end=\"2643\" \/>\u2013 zmniejszy\u0107 kubatur\u0119 do&nbsp;ogrzania lub&nbsp;sch\u0142odzenia.<\/p>\n<h2 data-start=\"2700\" data-end=\"2751\">Kiedy lepiej zrezygnowa\u0107 z&nbsp;sufitu podwieszanego?<\/h2>\n<p data-start=\"2753\" data-end=\"3093\">Cho\u0107 to rozwi\u0105zanie ma wiele zalet, nie zawsze b\u0119dzie idealne. Wn\u0119trza z&nbsp;wysokimi stropami i&nbsp;naturalnym \u015bwiat\u0142em cz\u0119sto zyskuj\u0105 dzi\u0119ki temu, \u017ce&nbsp;pozostaj\u0105 otwarte i&nbsp;surowe. Industrialne przestrzenie z&nbsp;wyeksponowanym sufitem mog\u0105 lepiej odda\u0107 charakter marki \u2013 zw\u0142aszcza, je\u015bli projekt zak\u0142ada styl loftowy, minimalistyczny czy&nbsp;rzemie\u015blniczy.<\/p>\n<p data-start=\"3095\" data-end=\"3271\">Warto te\u017c unika\u0107 podwieszanych sufit\u00f3w tam, gdzie ka\u017cdy centymetr wysoko\u015bci ma znaczenie \u2013 np.&nbsp;w&nbsp;bardzo ma\u0142ych lokalach, gdzie dodatkowe obni\u017cenie mo\u017ce da\u0107 efekt przyt\u0142oczenia.<\/p>\n<h2 data-start=\"3278\" data-end=\"3331\">Podsumowanie: funkcja, styl i&#8230; przysz\u0142o\u015b\u0107 lokalu<\/h2>\n<p data-start=\"3333\" data-end=\"3645\">Sufit podwieszany to rozwi\u0105zanie, kt\u00f3re \u2013 dobrze zaprojektowane \u2013 mo\u017ce by\u0107 zar\u00f3wno praktyczne, jak i&nbsp;efektowne. Kluczowe jest jednak&nbsp;zrozumienie, czego potrzebuje dana przestrze\u0144: czy&nbsp;ma by\u0107 czysta i&nbsp;minimalistyczna, czy&nbsp;raczej industrialna i&nbsp;surowa? Czy wa\u017cna jest akustyka, serwis instalacji, czy&nbsp;gra \u015bwiat\u0142em?<\/p>\n<p data-start=\"3647\" data-end=\"3896\">W Prownes ka\u017cdorazowo analizujemy projekt pod&nbsp;k\u0105tem potrzeb inwestora, przeznaczenia lokalu i&nbsp;estetyki marki. Dla jednego klienta sufit podwieszany b\u0119dzie niezb\u0119dny. Dla innego \u2013 zbyteczny. Najwa\u017cniejsze, by by\u0142 to wyb\u00f3r \u015bwiadomy, a&nbsp;nie przypadkowy.<\/p>\n<p data-start=\"3903\" data-end=\"4069\">Chcesz skonsultowa\u0107 projekt swojego lokalu i&nbsp;om\u00f3wi\u0107, czy&nbsp;sufit podwieszany sprawdzi si\u0119 w&nbsp;Twoim przypadku? Skontaktuj si\u0119 z&nbsp;nami \u2013 porozmawiajmy o&nbsp;Twojej przestrzeni.<\/p>\n","protected":false},"excerpt":{"rendered":"<p>Podwieszany sufit przez&nbsp;lata kojarzony by\u0142 g\u0142\u00f3wnie z&nbsp;biurami i&nbsp;galeriami handlowymi. Dzi\u015b wraca do&nbsp;\u0142ask \u2013 nie tylko ze wzgl\u0119du na&nbsp;estetyk\u0119, ale&nbsp;tak\u017ce funkcjonalno\u015b\u0107, jak\u0105 oferuje. W lokalach us\u0142ugowych, gdzie liczy si\u0119 i&nbsp;wygl\u0105d, i&nbsp;ergonomia, mo\u017ce by\u0107 jednym z&nbsp;najlepszych rozwi\u0105za\u0144 projektowych. Ale czy&nbsp;zawsze? W tym artykule przygl\u0105damy si\u0119, kiedy warto zdecydowa\u0107 si\u0119 na&nbsp;sufit podwieszany, a&nbsp;kiedy lepiej postawi\u0107 na&nbsp;inne rozwi\u0105zanie. Co &hellip; <\/p>\n<p class=\"link-more\"><a href=\"https:\/\/www.prownes.pl\/en\/czy-warto-zakladac-podwieszany-sufit-w-lokalu-uslugowym\/\" class=\"more-link\">Continue reading<span class=\"screen-reader-text\"> &#8220;Czy warto zak\u0142ada\u0107 podwieszany sufit w&nbsp;lokalu us\u0142ugowym?&#8221;<\/span><\/a><\/p>\n","protected":false},"author":6,"featured_media":1927,"comment_status":"open","ping_status":"open","sticky":false,"template":"","format":"standard","meta":{"_acf_changed":false,"footnotes":""},"categories":[18],"tags":[],"class_list":["post-1926","post","type-post","status-publish","format-standard","has-post-thumbnail","hentry","category-poradnik-inwestora"],"acf":[],"yoast_head":"<!-- This site is optimized with the Yoast SEO plugin v25.2 - https:\/\/yoast.com\/wordpress\/plugins\/seo\/ -->\n<title>Czy warto zak\u0142ada\u0107 podwieszany sufit w lokalu us\u0142ugowym? - Prownes<\/title>\n<meta name=\"robots\" content=\"index, follow, max-snippet:-1, max-image-preview:large, max-video-preview:-1\" \/>\n<link rel=\"canonical\" href=\"https:\/\/www.prownes.pl\/czy-warto-zakladac-podwieszany-sufit-w-lokalu-uslugowym\/\" \/>\n<meta property=\"og:locale\" content=\"en_US\" \/>\n<meta property=\"og:type\" content=\"article\" \/>\n<meta property=\"og:title\" content=\"Czy warto zak\u0142ada\u0107 podwieszany sufit w lokalu us\u0142ugowym? - Prownes\" \/>\n<meta property=\"og:description\" content=\"Podwieszany sufit przez&nbsp;lata kojarzony by\u0142 g\u0142\u00f3wnie z&nbsp;biurami i&nbsp;galeriami handlowymi. Dzi\u015b wraca do&nbsp;\u0142ask \u2013 nie tylko ze wzgl\u0119du na&nbsp;estetyk\u0119, ale&nbsp;tak\u017ce funkcjonalno\u015b\u0107, jak\u0105 oferuje. W lokalach us\u0142ugowych, gdzie liczy si\u0119 i&nbsp;wygl\u0105d, i&nbsp;ergonomia, mo\u017ce by\u0107 jednym z&nbsp;najlepszych rozwi\u0105za\u0144 projektowych. Ale czy&nbsp;zawsze? W tym artykule przygl\u0105damy si\u0119, kiedy warto zdecydowa\u0107 si\u0119 na&nbsp;sufit podwieszany, a&nbsp;kiedy lepiej postawi\u0107 na&nbsp;inne rozwi\u0105zanie. Co &hellip; Continue reading &quot;Czy warto zak\u0142ada\u0107 podwieszany sufit w&nbsp;lokalu us\u0142ugowym?&quot;\" \/>\n<meta property=\"og:url\" content=\"https:\/\/www.prownes.pl\/czy-warto-zakladac-podwieszany-sufit-w-lokalu-uslugowym\/\" \/>\n<meta property=\"og:site_name\" content=\"Prownes\" \/>\n<meta property=\"article:published_time\" content=\"2025-07-15T13:17:28+00:00\" \/>\n<meta property=\"og:image\" content=\"https:\/\/www.prownes.pl\/wp-content\/uploads\/2025\/07\/BLOG-PROWNES.webp\" \/>\n\t<meta property=\"og:image:width\" content=\"1620\" \/>\n\t<meta property=\"og:image:height\" content=\"1080\" \/>\n\t<meta property=\"og:image:type\" content=\"image\/webp\" \/>\n<meta name=\"author\" content=\"Karolina\" \/>\n<meta name=\"twitter:card\" content=\"summary_large_image\" \/>\n<meta name=\"twitter:label1\" content=\"Written by\" \/>\n\t<meta name=\"twitter:data1\" content=\"Karolina\" \/>\n\t<meta name=\"twitter:label2\" content=\"Est. reading time\" \/>\n\t<meta name=\"twitter:data2\" content=\"4 minutes\" \/>\n<script type=\"application\/ld+json\" class=\"yoast-schema-graph\">{\"@context\":\"https:\/\/schema.org\",\"@graph\":[{\"@type\":\"Article\",\"@id\":\"https:\/\/www.prownes.pl\/czy-warto-zakladac-podwieszany-sufit-w-lokalu-uslugowym\/#article\",\"isPartOf\":{\"@id\":\"https:\/\/www.prownes.pl\/czy-warto-zakladac-podwieszany-sufit-w-lokalu-uslugowym\/\"},\"author\":{\"name\":\"Karolina\",\"@id\":\"https:\/\/www.prownes.pl\/#\/schema\/person\/0f951154dac029a0d4b562934d683a2b\"},\"headline\":\"Czy warto zak\u0142ada\u0107 podwieszany sufit w&nbsp;lokalu us\u0142ugowym?\",\"datePublished\":\"2025-07-15T13:17:28+00:00\",\"mainEntityOfPage\":{\"@id\":\"https:\/\/www.prownes.pl\/czy-warto-zakladac-podwieszany-sufit-w-lokalu-uslugowym\/\"},\"wordCount\":592,\"commentCount\":0,\"publisher\":{\"@id\":\"https:\/\/www.prownes.pl\/#organization\"},\"image\":{\"@id\":\"https:\/\/www.prownes.pl\/czy-warto-zakladac-podwieszany-sufit-w-lokalu-uslugowym\/#primaryimage\"},\"thumbnailUrl\":\"https:\/\/www.prownes.pl\/wp-content\/uploads\/2025\/07\/BLOG-PROWNES.webp\",\"articleSection\":[\"Poradnik inwestora\"],\"inLanguage\":\"en-US\",\"potentialAction\":[{\"@type\":\"CommentAction\",\"name\":\"Comment\",\"target\":[\"https:\/\/www.prownes.pl\/czy-warto-zakladac-podwieszany-sufit-w-lokalu-uslugowym\/#respond\"]}]},{\"@type\":\"WebPage\",\"@id\":\"https:\/\/www.prownes.pl\/czy-warto-zakladac-podwieszany-sufit-w-lokalu-uslugowym\/\",\"url\":\"https:\/\/www.prownes.pl\/czy-warto-zakladac-podwieszany-sufit-w-lokalu-uslugowym\/\",\"name\":\"Czy warto zak\u0142ada\u0107 podwieszany sufit w lokalu us\u0142ugowym? - Prownes\",\"isPartOf\":{\"@id\":\"https:\/\/www.prownes.pl\/#website\"},\"primaryImageOfPage\":{\"@id\":\"https:\/\/www.prownes.pl\/czy-warto-zakladac-podwieszany-sufit-w-lokalu-uslugowym\/#primaryimage\"},\"image\":{\"@id\":\"https:\/\/www.prownes.pl\/czy-warto-zakladac-podwieszany-sufit-w-lokalu-uslugowym\/#primaryimage\"},\"thumbnailUrl\":\"https:\/\/www.prownes.pl\/wp-content\/uploads\/2025\/07\/BLOG-PROWNES.webp\",\"datePublished\":\"2025-07-15T13:17:28+00:00\",\"breadcrumb\":{\"@id\":\"https:\/\/www.prownes.pl\/czy-warto-zakladac-podwieszany-sufit-w-lokalu-uslugowym\/#breadcrumb\"},\"inLanguage\":\"en-US\",\"potentialAction\":[{\"@type\":\"ReadAction\",\"target\":[\"https:\/\/www.prownes.pl\/czy-warto-zakladac-podwieszany-sufit-w-lokalu-uslugowym\/\"]}]},{\"@type\":\"ImageObject\",\"inLanguage\":\"en-US\",\"@id\":\"https:\/\/www.prownes.pl\/czy-warto-zakladac-podwieszany-sufit-w-lokalu-uslugowym\/#primaryimage\",\"url\":\"https:\/\/www.prownes.pl\/wp-content\/uploads\/2025\/07\/BLOG-PROWNES.webp\",\"contentUrl\":\"https:\/\/www.prownes.pl\/wp-content\/uploads\/2025\/07\/BLOG-PROWNES.webp\",\"width\":1620,\"height\":1080},{\"@type\":\"BreadcrumbList\",\"@id\":\"https:\/\/www.prownes.pl\/czy-warto-zakladac-podwieszany-sufit-w-lokalu-uslugowym\/#breadcrumb\",\"itemListElement\":[{\"@type\":\"ListItem\",\"position\":1,\"name\":\"Home\",\"item\":\"https:\/\/www.prownes.pl\/en\/\"},{\"@type\":\"ListItem\",\"position\":2,\"name\":\"Poradnik inwestora\",\"item\":\"https:\/\/www.prownes.pl\/poradnik-inwestora\/\"},{\"@type\":\"ListItem\",\"position\":3,\"name\":\"Czy warto zak\u0142ada\u0107 podwieszany sufit w&nbsp;lokalu us\u0142ugowym?\"}]},{\"@type\":\"WebSite\",\"@id\":\"https:\/\/www.prownes.pl\/#website\",\"url\":\"https:\/\/www.prownes.pl\/\",\"name\":\"Prownes\",\"description\":\"Kompleksowa realizacja przestrzeni komercyjnych  od projektu po realizacj\u0119\",\"publisher\":{\"@id\":\"https:\/\/www.prownes.pl\/#organization\"},\"potentialAction\":[{\"@type\":\"SearchAction\",\"target\":{\"@type\":\"EntryPoint\",\"urlTemplate\":\"https:\/\/www.prownes.pl\/?s={search_term_string}\"},\"query-input\":{\"@type\":\"PropertyValueSpecification\",\"valueRequired\":true,\"valueName\":\"search_term_string\"}}],\"inLanguage\":\"en-US\"},{\"@type\":\"Organization\",\"@id\":\"https:\/\/www.prownes.pl\/#organization\",\"name\":\"Prownes\",\"url\":\"https:\/\/www.prownes.pl\/\",\"logo\":{\"@type\":\"ImageObject\",\"inLanguage\":\"en-US\",\"@id\":\"https:\/\/www.prownes.pl\/#\/schema\/logo\/image\/\",\"url\":\"https:\/\/www.prownes.pl\/wp-content\/uploads\/2022\/06\/logo_prownes.svg\",\"contentUrl\":\"https:\/\/www.prownes.pl\/wp-content\/uploads\/2022\/06\/logo_prownes.svg\",\"width\":362,\"height\":110,\"caption\":\"Prownes\"},\"image\":{\"@id\":\"https:\/\/www.prownes.pl\/#\/schema\/logo\/image\/\"}},{\"@type\":\"Person\",\"@id\":\"https:\/\/www.prownes.pl\/#\/schema\/person\/0f951154dac029a0d4b562934d683a2b\",\"name\":\"Karolina\",\"image\":{\"@type\":\"ImageObject\",\"inLanguage\":\"en-US\",\"@id\":\"https:\/\/www.prownes.pl\/#\/schema\/person\/image\/\",\"url\":\"https:\/\/secure.gravatar.com\/avatar\/016b76aea4f95958037617ff9c87eec864fca26cdafb7a3990640795c4acf87a?s=96&d=mm&r=g\",\"contentUrl\":\"https:\/\/secure.gravatar.com\/avatar\/016b76aea4f95958037617ff9c87eec864fca26cdafb7a3990640795c4acf87a?s=96&d=mm&r=g\",\"caption\":\"Karolina\"}}]}<\/script>\n<!-- \/ Yoast SEO plugin. -->","yoast_head_json":{"title":"Czy warto zak\u0142ada\u0107 podwieszany sufit w lokalu us\u0142ugowym? - Prownes","robots":{"index":"index","follow":"follow","max-snippet":"max-snippet:-1","max-image-preview":"max-image-preview:large","max-video-preview":"max-video-preview:-1"},"canonical":"https:\/\/www.prownes.pl\/czy-warto-zakladac-podwieszany-sufit-w-lokalu-uslugowym\/","og_locale":"en_US","og_type":"article","og_title":"Czy warto zak\u0142ada\u0107 podwieszany sufit w lokalu us\u0142ugowym? - Prownes","og_description":"Podwieszany sufit przez&nbsp;lata kojarzony by\u0142 g\u0142\u00f3wnie z&nbsp;biurami i&nbsp;galeriami handlowymi. Dzi\u015b wraca do&nbsp;\u0142ask \u2013 nie tylko ze wzgl\u0119du na&nbsp;estetyk\u0119, ale&nbsp;tak\u017ce funkcjonalno\u015b\u0107, jak\u0105 oferuje. W lokalach us\u0142ugowych, gdzie liczy si\u0119 i&nbsp;wygl\u0105d, i&nbsp;ergonomia, mo\u017ce by\u0107 jednym z&nbsp;najlepszych rozwi\u0105za\u0144 projektowych. Ale czy&nbsp;zawsze? W tym artykule przygl\u0105damy si\u0119, kiedy warto zdecydowa\u0107 si\u0119 na&nbsp;sufit podwieszany, a&nbsp;kiedy lepiej postawi\u0107 na&nbsp;inne rozwi\u0105zanie. Co &hellip; Continue reading \"Czy warto zak\u0142ada\u0107 podwieszany sufit w&nbsp;lokalu us\u0142ugowym?\"","og_url":"https:\/\/www.prownes.pl\/czy-warto-zakladac-podwieszany-sufit-w-lokalu-uslugowym\/","og_site_name":"Prownes","article_published_time":"2025-07-15T13:17:28+00:00","og_image":[{"width":1620,"height":1080,"url":"https:\/\/www.prownes.pl\/wp-content\/uploads\/2025\/07\/BLOG-PROWNES.webp","type":"image\/webp"}],"author":"Karolina","twitter_card":"summary_large_image","twitter_misc":{"Written by":"Karolina","Est. reading time":"4 minutes"},"schema":{"@context":"https:\/\/schema.org","@graph":[{"@type":"Article","@id":"https:\/\/www.prownes.pl\/czy-warto-zakladac-podwieszany-sufit-w-lokalu-uslugowym\/#article","isPartOf":{"@id":"https:\/\/www.prownes.pl\/czy-warto-zakladac-podwieszany-sufit-w-lokalu-uslugowym\/"},"author":{"name":"Karolina","@id":"https:\/\/www.prownes.pl\/#\/schema\/person\/0f951154dac029a0d4b562934d683a2b"},"headline":"Czy warto zak\u0142ada\u0107 podwieszany sufit w&nbsp;lokalu us\u0142ugowym?","datePublished":"2025-07-15T13:17:28+00:00","mainEntityOfPage":{"@id":"https:\/\/www.prownes.pl\/czy-warto-zakladac-podwieszany-sufit-w-lokalu-uslugowym\/"},"wordCount":592,"commentCount":0,"publisher":{"@id":"https:\/\/www.prownes.pl\/#organization"},"image":{"@id":"https:\/\/www.prownes.pl\/czy-warto-zakladac-podwieszany-sufit-w-lokalu-uslugowym\/#primaryimage"},"thumbnailUrl":"https:\/\/www.prownes.pl\/wp-content\/uploads\/2025\/07\/BLOG-PROWNES.webp","articleSection":["Poradnik inwestora"],"inLanguage":"en-US","potentialAction":[{"@type":"CommentAction","name":"Comment","target":["https:\/\/www.prownes.pl\/czy-warto-zakladac-podwieszany-sufit-w-lokalu-uslugowym\/#respond"]}]},{"@type":"WebPage","@id":"https:\/\/www.prownes.pl\/czy-warto-zakladac-podwieszany-sufit-w-lokalu-uslugowym\/","url":"https:\/\/www.prownes.pl\/czy-warto-zakladac-podwieszany-sufit-w-lokalu-uslugowym\/","name":"Czy warto zak\u0142ada\u0107 podwieszany sufit w lokalu us\u0142ugowym? - Prownes","isPartOf":{"@id":"https:\/\/www.prownes.pl\/#website"},"primaryImageOfPage":{"@id":"https:\/\/www.prownes.pl\/czy-warto-zakladac-podwieszany-sufit-w-lokalu-uslugowym\/#primaryimage"},"image":{"@id":"https:\/\/www.prownes.pl\/czy-warto-zakladac-podwieszany-sufit-w-lokalu-uslugowym\/#primaryimage"},"thumbnailUrl":"https:\/\/www.prownes.pl\/wp-content\/uploads\/2025\/07\/BLOG-PROWNES.webp","datePublished":"2025-07-15T13:17:28+00:00","breadcrumb":{"@id":"https:\/\/www.prownes.pl\/czy-warto-zakladac-podwieszany-sufit-w-lokalu-uslugowym\/#breadcrumb"},"inLanguage":"en-US","potentialAction":[{"@type":"ReadAction","target":["https:\/\/www.prownes.pl\/czy-warto-zakladac-podwieszany-sufit-w-lokalu-uslugowym\/"]}]},{"@type":"ImageObject","inLanguage":"en-US","@id":"https:\/\/www.prownes.pl\/czy-warto-zakladac-podwieszany-sufit-w-lokalu-uslugowym\/#primaryimage","url":"https:\/\/www.prownes.pl\/wp-content\/uploads\/2025\/07\/BLOG-PROWNES.webp","contentUrl":"https:\/\/www.prownes.pl\/wp-content\/uploads\/2025\/07\/BLOG-PROWNES.webp","width":1620,"height":1080},{"@type":"BreadcrumbList","@id":"https:\/\/www.prownes.pl\/czy-warto-zakladac-podwieszany-sufit-w-lokalu-uslugowym\/#breadcrumb","itemListElement":[{"@type":"ListItem","position":1,"name":"Home","item":"https:\/\/www.prownes.pl\/en\/"},{"@type":"ListItem","position":2,"name":"Poradnik inwestora","item":"https:\/\/www.prownes.pl\/poradnik-inwestora\/"},{"@type":"ListItem","position":3,"name":"Czy warto zak\u0142ada\u0107 podwieszany sufit w&nbsp;lokalu us\u0142ugowym?"}]},{"@type":"WebSite","@id":"https:\/\/www.prownes.pl\/#website","url":"https:\/\/www.prownes.pl\/","name":"Prownes","description":"Kompleksowa realizacja przestrzeni komercyjnych  od projektu po realizacj\u0119","publisher":{"@id":"https:\/\/www.prownes.pl\/#organization"},"potentialAction":[{"@type":"SearchAction","target":{"@type":"EntryPoint","urlTemplate":"https:\/\/www.prownes.pl\/?s={search_term_string}"},"query-input":{"@type":"PropertyValueSpecification","valueRequired":true,"valueName":"search_term_string"}}],"inLanguage":"en-US"},{"@type":"Organization","@id":"https:\/\/www.prownes.pl\/#organization","name":"Prownes","url":"https:\/\/www.prownes.pl\/","logo":{"@type":"ImageObject","inLanguage":"en-US","@id":"https:\/\/www.prownes.pl\/#\/schema\/logo\/image\/","url":"https:\/\/www.prownes.pl\/wp-content\/uploads\/2022\/06\/logo_prownes.svg","contentUrl":"https:\/\/www.prownes.pl\/wp-content\/uploads\/2022\/06\/logo_prownes.svg","width":362,"height":110,"caption":"Prownes"},"image":{"@id":"https:\/\/www.prownes.pl\/#\/schema\/logo\/image\/"}},{"@type":"Person","@id":"https:\/\/www.prownes.pl\/#\/schema\/person\/0f951154dac029a0d4b562934d683a2b","name":"Karolina","image":{"@type":"ImageObject","inLanguage":"en-US","@id":"https:\/\/www.prownes.pl\/#\/schema\/person\/image\/","url":"https:\/\/secure.gravatar.com\/avatar\/016b76aea4f95958037617ff9c87eec864fca26cdafb7a3990640795c4acf87a?s=96&d=mm&r=g","contentUrl":"https:\/\/secure.gravatar.com\/avatar\/016b76aea4f95958037617ff9c87eec864fca26cdafb7a3990640795c4acf87a?s=96&d=mm&r=g","caption":"Karolina"}}]}},"_links":{"self":[{"href":"https:\/\/www.prownes.pl\/en\/wp-json\/wp\/v2\/posts\/1926","targetHints":{"allow":["GET"]}}],"collection":[{"href":"https:\/\/www.prownes.pl\/en\/wp-json\/wp\/v2\/posts"}],"about":[{"href":"https:\/\/www.prownes.pl\/en\/wp-json\/wp\/v2\/types\/post"}],"author":[{"embeddable":true,"href":"https:\/\/www.prownes.pl\/en\/wp-json\/wp\/v2\/users\/6"}],"replies":[{"embeddable":true,"href":"https:\/\/www.prownes.pl\/en\/wp-json\/wp\/v2\/comments?post=1926"}],"version-history":[{"count":1,"href":"https:\/\/www.prownes.pl\/en\/wp-json\/wp\/v2\/posts\/1926\/revisions"}],"predecessor-version":[{"id":1928,"href":"https:\/\/www.prownes.pl\/en\/wp-json\/wp\/v2\/posts\/1926\/revisions\/1928"}],"wp:featuredmedia":[{"embeddable":true,"href":"https:\/\/www.prownes.pl\/en\/wp-json\/wp\/v2\/media\/1927"}],"wp:attachment":[{"href":"https:\/\/www.prownes.pl\/en\/wp-json\/wp\/v2\/media?parent=1926"}],"wp:term":[{"taxonomy":"category","embeddable":true,"href":"https:\/\/www.prownes.pl\/en\/wp-json\/wp\/v2\/categories?post=1926"},{"taxonomy":"post_tag","embeddable":true,"href":"https:\/\/www.prownes.pl\/en\/wp-json\/wp\/v2\/tags?post=1926"}],"curies":[{"name":"wp","href":"https:\/\/api.w.org\/{rel}","templated":true}]}}