{"id":1940,"date":"2025-08-15T13:48:09","date_gmt":"2025-08-15T11:48:09","guid":{"rendered":"https:\/\/www.prownes.pl\/?p=1940"},"modified":"2025-08-29T09:59:32","modified_gmt":"2025-08-29T07:59:32","slug":"lokal-uzytkowy-a-lokal-uslugowy-czym-sie-roznia-i-dlaczego-warto-to-wiedziec","status":"publish","type":"post","link":"https:\/\/www.prownes.pl\/en\/lokal-uzytkowy-a-lokal-uslugowy-czym-sie-roznia-i-dlaczego-warto-to-wiedziec\/","title":{"rendered":"Lokal u\u017cytkowy a&nbsp;lokal us\u0142ugowy \u2013 czym si\u0119 r\u00f3\u017cni\u0105 i&nbsp;dlaczego warto to wiedzie\u0107?"},"content":{"rendered":"<p>Je\u015bli planujesz otworzy\u0107 piekarni\u0119, kawiarni\u0119, butik, showroom lub&nbsp;salon us\u0142ugowy \u2013 na&nbsp;pewno spotka\u0142e\u015b si\u0119 z&nbsp;okre\u015bleniami \u201elokal u\u017cytkowy\u201d i&nbsp;\u201elokal us\u0142ugowy\u201d. Cho\u0107 brzmi\u0105 podobnie, nie oznaczaj\u0105 tego samego. Dla inwestora, najemcy czy&nbsp;w\u0142a\u015bciciela przestrzeni komercyjnej ta r\u00f3\u017cnica mo\u017ce mie\u0107 realne znaczenie \u2013 zar\u00f3wno pod&nbsp;k\u0105tem prawnym, jak i&nbsp;funkcjonalnym. Sprawd\u017a, na&nbsp;czym dok\u0142adnie polega r\u00f3\u017cnica i&nbsp;jak unikn\u0105\u0107 nieporozumie\u0144 ju\u017c na&nbsp;etapie planowania inwestycji.<\/p>\n<h2 data-start=\"734\" data-end=\"768\">Lokal u\u017cytkowy<\/h2>\n<p data-start=\"770\" data-end=\"1116\">Lokal u\u017cytkowy to poj\u0119cie szerokie i&nbsp;do\u015b\u0107 techniczne. Obejmuje wszystkie lokale, kt\u00f3re <strong data-start=\"857\" data-end=\"889\">nie s\u0105 lokalami mieszkalnymi<\/strong>. W praktyce oznacza to przestrzenie przeznaczone do&nbsp;prowadzenia dzia\u0142alno\u015bci gospodarczej, biurowej, handlowej, produkcyjnej lub&nbsp;us\u0142ugowej. Mo\u017ce to by\u0107 zar\u00f3wno przestrze\u0144 w&nbsp;galerii handlowej, jak i&nbsp;magazyn, warsztat czy&nbsp;biuro.<\/p>\n<p data-start=\"1118\" data-end=\"1248\">M\u00f3wi\u0105c najpro\u015bciej \u2013 lokal u\u017cytkowy to kategoria \u201eparasolkowa\u201d, pod&nbsp;kt\u00f3r\u0105 mieszcz\u0105 si\u0119 r\u00f3\u017cne typy lokali \u2013 w&nbsp;tym w\u0142a\u015bnie us\u0142ugowe.<\/p>\n<h2 data-start=\"1255\" data-end=\"1288\">Lokal us\u0142ugowy<\/h2>\n<p data-start=\"1290\" data-end=\"1586\">Lokal us\u0142ugowy to <strong data-start=\"1308\" data-end=\"1352\">konkretna podkategoria lokalu u\u017cytkowego<\/strong>, kt\u00f3ra ma jasno okre\u015blon\u0105 funkcj\u0119: <strong data-start=\"1388\" data-end=\"1431\">\u015bwiadczone s\u0105 w&nbsp;nim us\u0142ugi dla&nbsp;klient\u00f3w<\/strong>. Mo\u017ce to by\u0107 fryzjer, salon kosmetyczny, gabinet psychologiczny, studio masa\u017cu, ale&nbsp;te\u017c kawiarnia, piekarnia z&nbsp;sal\u0105 konsumenck\u0105 czy&nbsp;punkt obs\u0142ugi klienta.<\/p>\n<p data-start=\"1588\" data-end=\"1855\">To, co wyr\u00f3\u017cnia lokal us\u0142ugowy, to bezpo\u015bredni kontakt z&nbsp;klientem oraz&nbsp;wymagania techniczne i&nbsp;sanitarne zwi\u0105zane z&nbsp;danym typem dzia\u0142alno\u015bci \u2013 np.&nbsp;odpowiednia wentylacja, dost\u0119pno\u015b\u0107 dla&nbsp;os\u00f3b z&nbsp;niepe\u0142nosprawno\u015bci\u0105, zaplecze socjalne czy&nbsp;pod\u0142\u0105czenia wodno-kanalizacyjne.<\/p>\n<h2 data-start=\"1862\" data-end=\"1896\">Dlaczego ta r\u00f3\u017cnica jest wa\u017cna?<\/h2>\n<p data-start=\"1898\" data-end=\"2248\">Wybieraj\u0105c lokal pod&nbsp;inwestycj\u0119, warto sprawdzi\u0107 nie tylko jego metra\u017c czy&nbsp;lokalizacj\u0119, ale&nbsp;przede wszystkim <strong data-start=\"2007\" data-end=\"2062\">przeznaczenie zapisane w&nbsp;dokumentach planistycznych<\/strong>. Mo\u017ce si\u0119 bowiem zdarzy\u0107, \u017ce&nbsp;lokal u\u017cytkowy nie ma dopuszczenia do&nbsp;prowadzenia dzia\u0142alno\u015bci us\u0142ugowej, co wymaga uzyskania zg\u00f3d, zmian w&nbsp;projekcie budowlanym lub&nbsp;przekszta\u0142cenia lokalu.<\/p>\n<p data-start=\"2250\" data-end=\"2456\">R\u00f3wnie\u017c w&nbsp;kontek\u015bcie aran\u017cacji i&nbsp;remontu \u2013 lokale us\u0142ugowe cz\u0119sto podlegaj\u0105 <strong data-start=\"2326\" data-end=\"2394\">innym normom technicznym i&nbsp;odbiorom sanepidu czy&nbsp;stra\u017cy po\u017carnej<\/strong>, co warto uwzgl\u0119dni\u0107 ju\u017c na&nbsp;etapie projektowania przestrzeni.<\/p>\n<h2 data-start=\"2463\" data-end=\"2478\">Podsumowanie<\/h2>\n<p data-start=\"2480\" data-end=\"2750\">Lokal u\u017cytkowy to szeroka kategoria, a&nbsp;lokal us\u0142ugowy to jeden z&nbsp;jej typ\u00f3w \u2013 bardziej precyzyjny i&nbsp;zdefiniowany funkcjonalnie. Je\u015bli planujesz otworzy\u0107 punkt us\u0142ugowy, upewnij si\u0119, \u017ce&nbsp;wybrana przestrze\u0144 spe\u0142nia odpowiednie wymagania \u2013 zar\u00f3wno formalne, jak i&nbsp;techniczne.<\/p>\n<p data-start=\"2752\" data-end=\"3052\">W <strong data-start=\"2754\" data-end=\"2765\">Prownes<\/strong> od lat wspieramy klient\u00f3w w&nbsp;wyborze, adaptacji i&nbsp;kompleksowym wyko\u0144czeniu lokali komercyjnych. Dzi\u0119ki do\u015bwiadczeniu wiemy, jak poprowadzi\u0107 proces projektowy i&nbsp;wykonawczy tak, aby&nbsp;lokal nie tylko pi\u0119knie wygl\u0105da\u0142, ale&nbsp;by\u0142 te\u017c zgodny z&nbsp;przepisami i&nbsp;gotowy do&nbsp;dzia\u0142ania od pierwszego dnia.<\/p>\n","protected":false},"excerpt":{"rendered":"<p>Je\u015bli planujesz otworzy\u0107 piekarni\u0119, kawiarni\u0119, butik, showroom lub&nbsp;salon us\u0142ugowy \u2013 na&nbsp;pewno spotka\u0142e\u015b si\u0119 z&nbsp;okre\u015bleniami \u201elokal u\u017cytkowy\u201d i&nbsp;\u201elokal us\u0142ugowy\u201d. Cho\u0107 brzmi\u0105 podobnie, nie oznaczaj\u0105 tego samego. Dla inwestora, najemcy czy&nbsp;w\u0142a\u015bciciela przestrzeni komercyjnej ta r\u00f3\u017cnica mo\u017ce mie\u0107 realne znaczenie \u2013 zar\u00f3wno pod&nbsp;k\u0105tem prawnym, jak i&nbsp;funkcjonalnym. Sprawd\u017a, na&nbsp;czym dok\u0142adnie polega r\u00f3\u017cnica i&nbsp;jak unikn\u0105\u0107 nieporozumie\u0144 ju\u017c na&nbsp;etapie planowania inwestycji. &hellip; <\/p>\n<p class=\"link-more\"><a href=\"https:\/\/www.prownes.pl\/en\/lokal-uzytkowy-a-lokal-uslugowy-czym-sie-roznia-i-dlaczego-warto-to-wiedziec\/\" class=\"more-link\">Continue reading<span class=\"screen-reader-text\"> &#8220;Lokal u\u017cytkowy a&nbsp;lokal us\u0142ugowy \u2013 czym si\u0119 r\u00f3\u017cni\u0105 i&nbsp;dlaczego warto to wiedzie\u0107?&#8221;<\/span><\/a><\/p>\n","protected":false},"author":6,"featured_media":0,"comment_status":"open","ping_status":"open","sticky":false,"template":"","format":"standard","meta":{"_acf_changed":false,"footnotes":""},"categories":[15],"tags":[],"class_list":["post-1940","post","type-post","status-publish","format-standard","hentry","category-bez-kategorii-pl"],"acf":[],"yoast_head":"<!-- This site is optimized with the Yoast SEO plugin v25.2 - https:\/\/yoast.com\/wordpress\/plugins\/seo\/ -->\n<title>Lokal u\u017cytkowy a lokal us\u0142ugowy \u2013 czym si\u0119 r\u00f3\u017cni\u0105 i dlaczego warto to wiedzie\u0107? - Prownes<\/title>\n<meta name=\"robots\" content=\"index, follow, max-snippet:-1, max-image-preview:large, max-video-preview:-1\" \/>\n<link rel=\"canonical\" href=\"https:\/\/www.prownes.pl\/lokal-uzytkowy-a-lokal-uslugowy-czym-sie-roznia-i-dlaczego-warto-to-wiedziec\/\" \/>\n<meta property=\"og:locale\" content=\"en_US\" \/>\n<meta property=\"og:type\" content=\"article\" \/>\n<meta property=\"og:title\" content=\"Lokal u\u017cytkowy a lokal us\u0142ugowy \u2013 czym si\u0119 r\u00f3\u017cni\u0105 i dlaczego warto to wiedzie\u0107? - Prownes\" \/>\n<meta property=\"og:description\" content=\"Je\u015bli planujesz otworzy\u0107 piekarni\u0119, kawiarni\u0119, butik, showroom lub&nbsp;salon us\u0142ugowy \u2013 na&nbsp;pewno spotka\u0142e\u015b si\u0119 z&nbsp;okre\u015bleniami \u201elokal u\u017cytkowy\u201d i&nbsp;\u201elokal us\u0142ugowy\u201d. Cho\u0107 brzmi\u0105 podobnie, nie oznaczaj\u0105 tego samego. Dla inwestora, najemcy czy&nbsp;w\u0142a\u015bciciela przestrzeni komercyjnej ta r\u00f3\u017cnica mo\u017ce mie\u0107 realne znaczenie \u2013 zar\u00f3wno pod&nbsp;k\u0105tem prawnym, jak i&nbsp;funkcjonalnym. Sprawd\u017a, na&nbsp;czym dok\u0142adnie polega r\u00f3\u017cnica i&nbsp;jak unikn\u0105\u0107 nieporozumie\u0144 ju\u017c na&nbsp;etapie planowania inwestycji. &hellip; Continue reading &quot;Lokal u\u017cytkowy a&nbsp;lokal us\u0142ugowy \u2013 czym si\u0119 r\u00f3\u017cni\u0105 i&nbsp;dlaczego warto to wiedzie\u0107?&quot;\" \/>\n<meta property=\"og:url\" content=\"https:\/\/www.prownes.pl\/lokal-uzytkowy-a-lokal-uslugowy-czym-sie-roznia-i-dlaczego-warto-to-wiedziec\/\" \/>\n<meta property=\"og:site_name\" content=\"Prownes\" \/>\n<meta property=\"article:published_time\" content=\"2025-08-15T11:48:09+00:00\" \/>\n<meta property=\"article:modified_time\" content=\"2025-08-29T07:59:32+00:00\" \/>\n<meta name=\"author\" content=\"Karolina\" \/>\n<meta name=\"twitter:card\" content=\"summary_large_image\" \/>\n<meta name=\"twitter:label1\" content=\"Written by\" \/>\n\t<meta name=\"twitter:data1\" content=\"Karolina\" \/>\n\t<meta name=\"twitter:label2\" content=\"Est. reading time\" \/>\n\t<meta name=\"twitter:data2\" content=\"3 minutes\" \/>\n<script type=\"application\/ld+json\" class=\"yoast-schema-graph\">{\"@context\":\"https:\/\/schema.org\",\"@graph\":[{\"@type\":\"Article\",\"@id\":\"https:\/\/www.prownes.pl\/lokal-uzytkowy-a-lokal-uslugowy-czym-sie-roznia-i-dlaczego-warto-to-wiedziec\/#article\",\"isPartOf\":{\"@id\":\"https:\/\/www.prownes.pl\/lokal-uzytkowy-a-lokal-uslugowy-czym-sie-roznia-i-dlaczego-warto-to-wiedziec\/\"},\"author\":{\"name\":\"Karolina\",\"@id\":\"https:\/\/www.prownes.pl\/#\/schema\/person\/0f951154dac029a0d4b562934d683a2b\"},\"headline\":\"Lokal u\u017cytkowy a&nbsp;lokal us\u0142ugowy \u2013 czym si\u0119 r\u00f3\u017cni\u0105 i&nbsp;dlaczego warto to wiedzie\u0107?\",\"datePublished\":\"2025-08-15T11:48:09+00:00\",\"dateModified\":\"2025-08-29T07:59:32+00:00\",\"mainEntityOfPage\":{\"@id\":\"https:\/\/www.prownes.pl\/lokal-uzytkowy-a-lokal-uslugowy-czym-sie-roznia-i-dlaczego-warto-to-wiedziec\/\"},\"wordCount\":461,\"commentCount\":0,\"publisher\":{\"@id\":\"https:\/\/www.prownes.pl\/#organization\"},\"articleSection\":[\"Bez kategorii\"],\"inLanguage\":\"en-US\",\"potentialAction\":[{\"@type\":\"CommentAction\",\"name\":\"Comment\",\"target\":[\"https:\/\/www.prownes.pl\/lokal-uzytkowy-a-lokal-uslugowy-czym-sie-roznia-i-dlaczego-warto-to-wiedziec\/#respond\"]}]},{\"@type\":\"WebPage\",\"@id\":\"https:\/\/www.prownes.pl\/lokal-uzytkowy-a-lokal-uslugowy-czym-sie-roznia-i-dlaczego-warto-to-wiedziec\/\",\"url\":\"https:\/\/www.prownes.pl\/lokal-uzytkowy-a-lokal-uslugowy-czym-sie-roznia-i-dlaczego-warto-to-wiedziec\/\",\"name\":\"Lokal u\u017cytkowy a lokal us\u0142ugowy \u2013 czym si\u0119 r\u00f3\u017cni\u0105 i dlaczego warto to wiedzie\u0107? - Prownes\",\"isPartOf\":{\"@id\":\"https:\/\/www.prownes.pl\/#website\"},\"datePublished\":\"2025-08-15T11:48:09+00:00\",\"dateModified\":\"2025-08-29T07:59:32+00:00\",\"breadcrumb\":{\"@id\":\"https:\/\/www.prownes.pl\/lokal-uzytkowy-a-lokal-uslugowy-czym-sie-roznia-i-dlaczego-warto-to-wiedziec\/#breadcrumb\"},\"inLanguage\":\"en-US\",\"potentialAction\":[{\"@type\":\"ReadAction\",\"target\":[\"https:\/\/www.prownes.pl\/lokal-uzytkowy-a-lokal-uslugowy-czym-sie-roznia-i-dlaczego-warto-to-wiedziec\/\"]}]},{\"@type\":\"BreadcrumbList\",\"@id\":\"https:\/\/www.prownes.pl\/lokal-uzytkowy-a-lokal-uslugowy-czym-sie-roznia-i-dlaczego-warto-to-wiedziec\/#breadcrumb\",\"itemListElement\":[{\"@type\":\"ListItem\",\"position\":1,\"name\":\"Home\",\"item\":\"https:\/\/www.prownes.pl\/en\/\"},{\"@type\":\"ListItem\",\"position\":2,\"name\":\"Bez kategorii\",\"item\":\"https:\/\/www.prownes.pl\/bez-kategorii-pl\/\"},{\"@type\":\"ListItem\",\"position\":3,\"name\":\"Lokal u\u017cytkowy a&nbsp;lokal us\u0142ugowy \u2013 czym si\u0119 r\u00f3\u017cni\u0105 i&nbsp;dlaczego warto to wiedzie\u0107?\"}]},{\"@type\":\"WebSite\",\"@id\":\"https:\/\/www.prownes.pl\/#website\",\"url\":\"https:\/\/www.prownes.pl\/\",\"name\":\"Prownes\",\"description\":\"Kompleksowa realizacja przestrzeni komercyjnych  od projektu po realizacj\u0119\",\"publisher\":{\"@id\":\"https:\/\/www.prownes.pl\/#organization\"},\"potentialAction\":[{\"@type\":\"SearchAction\",\"target\":{\"@type\":\"EntryPoint\",\"urlTemplate\":\"https:\/\/www.prownes.pl\/?s={search_term_string}\"},\"query-input\":{\"@type\":\"PropertyValueSpecification\",\"valueRequired\":true,\"valueName\":\"search_term_string\"}}],\"inLanguage\":\"en-US\"},{\"@type\":\"Organization\",\"@id\":\"https:\/\/www.prownes.pl\/#organization\",\"name\":\"Prownes\",\"url\":\"https:\/\/www.prownes.pl\/\",\"logo\":{\"@type\":\"ImageObject\",\"inLanguage\":\"en-US\",\"@id\":\"https:\/\/www.prownes.pl\/#\/schema\/logo\/image\/\",\"url\":\"https:\/\/www.prownes.pl\/wp-content\/uploads\/2022\/06\/logo_prownes.svg\",\"contentUrl\":\"https:\/\/www.prownes.pl\/wp-content\/uploads\/2022\/06\/logo_prownes.svg\",\"width\":362,\"height\":110,\"caption\":\"Prownes\"},\"image\":{\"@id\":\"https:\/\/www.prownes.pl\/#\/schema\/logo\/image\/\"}},{\"@type\":\"Person\",\"@id\":\"https:\/\/www.prownes.pl\/#\/schema\/person\/0f951154dac029a0d4b562934d683a2b\",\"name\":\"Karolina\",\"image\":{\"@type\":\"ImageObject\",\"inLanguage\":\"en-US\",\"@id\":\"https:\/\/www.prownes.pl\/#\/schema\/person\/image\/\",\"url\":\"https:\/\/secure.gravatar.com\/avatar\/016b76aea4f95958037617ff9c87eec864fca26cdafb7a3990640795c4acf87a?s=96&d=mm&r=g\",\"contentUrl\":\"https:\/\/secure.gravatar.com\/avatar\/016b76aea4f95958037617ff9c87eec864fca26cdafb7a3990640795c4acf87a?s=96&d=mm&r=g\",\"caption\":\"Karolina\"}}]}<\/script>\n<!-- \/ Yoast SEO plugin. -->","yoast_head_json":{"title":"Lokal u\u017cytkowy a lokal us\u0142ugowy \u2013 czym si\u0119 r\u00f3\u017cni\u0105 i dlaczego warto to wiedzie\u0107? - Prownes","robots":{"index":"index","follow":"follow","max-snippet":"max-snippet:-1","max-image-preview":"max-image-preview:large","max-video-preview":"max-video-preview:-1"},"canonical":"https:\/\/www.prownes.pl\/lokal-uzytkowy-a-lokal-uslugowy-czym-sie-roznia-i-dlaczego-warto-to-wiedziec\/","og_locale":"en_US","og_type":"article","og_title":"Lokal u\u017cytkowy a lokal us\u0142ugowy \u2013 czym si\u0119 r\u00f3\u017cni\u0105 i dlaczego warto to wiedzie\u0107? - Prownes","og_description":"Je\u015bli planujesz otworzy\u0107 piekarni\u0119, kawiarni\u0119, butik, showroom lub&nbsp;salon us\u0142ugowy \u2013 na&nbsp;pewno spotka\u0142e\u015b si\u0119 z&nbsp;okre\u015bleniami \u201elokal u\u017cytkowy\u201d i&nbsp;\u201elokal us\u0142ugowy\u201d. Cho\u0107 brzmi\u0105 podobnie, nie oznaczaj\u0105 tego samego. Dla inwestora, najemcy czy&nbsp;w\u0142a\u015bciciela przestrzeni komercyjnej ta r\u00f3\u017cnica mo\u017ce mie\u0107 realne znaczenie \u2013 zar\u00f3wno pod&nbsp;k\u0105tem prawnym, jak i&nbsp;funkcjonalnym. Sprawd\u017a, na&nbsp;czym dok\u0142adnie polega r\u00f3\u017cnica i&nbsp;jak unikn\u0105\u0107 nieporozumie\u0144 ju\u017c na&nbsp;etapie planowania inwestycji. &hellip; Continue reading \"Lokal u\u017cytkowy a&nbsp;lokal us\u0142ugowy \u2013 czym si\u0119 r\u00f3\u017cni\u0105 i&nbsp;dlaczego warto to wiedzie\u0107?\"","og_url":"https:\/\/www.prownes.pl\/lokal-uzytkowy-a-lokal-uslugowy-czym-sie-roznia-i-dlaczego-warto-to-wiedziec\/","og_site_name":"Prownes","article_published_time":"2025-08-15T11:48:09+00:00","article_modified_time":"2025-08-29T07:59:32+00:00","author":"Karolina","twitter_card":"summary_large_image","twitter_misc":{"Written by":"Karolina","Est. reading time":"3 minutes"},"schema":{"@context":"https:\/\/schema.org","@graph":[{"@type":"Article","@id":"https:\/\/www.prownes.pl\/lokal-uzytkowy-a-lokal-uslugowy-czym-sie-roznia-i-dlaczego-warto-to-wiedziec\/#article","isPartOf":{"@id":"https:\/\/www.prownes.pl\/lokal-uzytkowy-a-lokal-uslugowy-czym-sie-roznia-i-dlaczego-warto-to-wiedziec\/"},"author":{"name":"Karolina","@id":"https:\/\/www.prownes.pl\/#\/schema\/person\/0f951154dac029a0d4b562934d683a2b"},"headline":"Lokal u\u017cytkowy a&nbsp;lokal us\u0142ugowy \u2013 czym si\u0119 r\u00f3\u017cni\u0105 i&nbsp;dlaczego warto to wiedzie\u0107?","datePublished":"2025-08-15T11:48:09+00:00","dateModified":"2025-08-29T07:59:32+00:00","mainEntityOfPage":{"@id":"https:\/\/www.prownes.pl\/lokal-uzytkowy-a-lokal-uslugowy-czym-sie-roznia-i-dlaczego-warto-to-wiedziec\/"},"wordCount":461,"commentCount":0,"publisher":{"@id":"https:\/\/www.prownes.pl\/#organization"},"articleSection":["Bez kategorii"],"inLanguage":"en-US","potentialAction":[{"@type":"CommentAction","name":"Comment","target":["https:\/\/www.prownes.pl\/lokal-uzytkowy-a-lokal-uslugowy-czym-sie-roznia-i-dlaczego-warto-to-wiedziec\/#respond"]}]},{"@type":"WebPage","@id":"https:\/\/www.prownes.pl\/lokal-uzytkowy-a-lokal-uslugowy-czym-sie-roznia-i-dlaczego-warto-to-wiedziec\/","url":"https:\/\/www.prownes.pl\/lokal-uzytkowy-a-lokal-uslugowy-czym-sie-roznia-i-dlaczego-warto-to-wiedziec\/","name":"Lokal u\u017cytkowy a lokal us\u0142ugowy \u2013 czym si\u0119 r\u00f3\u017cni\u0105 i dlaczego warto to wiedzie\u0107? - Prownes","isPartOf":{"@id":"https:\/\/www.prownes.pl\/#website"},"datePublished":"2025-08-15T11:48:09+00:00","dateModified":"2025-08-29T07:59:32+00:00","breadcrumb":{"@id":"https:\/\/www.prownes.pl\/lokal-uzytkowy-a-lokal-uslugowy-czym-sie-roznia-i-dlaczego-warto-to-wiedziec\/#breadcrumb"},"inLanguage":"en-US","potentialAction":[{"@type":"ReadAction","target":["https:\/\/www.prownes.pl\/lokal-uzytkowy-a-lokal-uslugowy-czym-sie-roznia-i-dlaczego-warto-to-wiedziec\/"]}]},{"@type":"BreadcrumbList","@id":"https:\/\/www.prownes.pl\/lokal-uzytkowy-a-lokal-uslugowy-czym-sie-roznia-i-dlaczego-warto-to-wiedziec\/#breadcrumb","itemListElement":[{"@type":"ListItem","position":1,"name":"Home","item":"https:\/\/www.prownes.pl\/en\/"},{"@type":"ListItem","position":2,"name":"Bez kategorii","item":"https:\/\/www.prownes.pl\/bez-kategorii-pl\/"},{"@type":"ListItem","position":3,"name":"Lokal u\u017cytkowy a&nbsp;lokal us\u0142ugowy \u2013 czym si\u0119 r\u00f3\u017cni\u0105 i&nbsp;dlaczego warto to wiedzie\u0107?"}]},{"@type":"WebSite","@id":"https:\/\/www.prownes.pl\/#website","url":"https:\/\/www.prownes.pl\/","name":"Prownes","description":"Kompleksowa realizacja przestrzeni komercyjnych  od projektu po realizacj\u0119","publisher":{"@id":"https:\/\/www.prownes.pl\/#organization"},"potentialAction":[{"@type":"SearchAction","target":{"@type":"EntryPoint","urlTemplate":"https:\/\/www.prownes.pl\/?s={search_term_string}"},"query-input":{"@type":"PropertyValueSpecification","valueRequired":true,"valueName":"search_term_string"}}],"inLanguage":"en-US"},{"@type":"Organization","@id":"https:\/\/www.prownes.pl\/#organization","name":"Prownes","url":"https:\/\/www.prownes.pl\/","logo":{"@type":"ImageObject","inLanguage":"en-US","@id":"https:\/\/www.prownes.pl\/#\/schema\/logo\/image\/","url":"https:\/\/www.prownes.pl\/wp-content\/uploads\/2022\/06\/logo_prownes.svg","contentUrl":"https:\/\/www.prownes.pl\/wp-content\/uploads\/2022\/06\/logo_prownes.svg","width":362,"height":110,"caption":"Prownes"},"image":{"@id":"https:\/\/www.prownes.pl\/#\/schema\/logo\/image\/"}},{"@type":"Person","@id":"https:\/\/www.prownes.pl\/#\/schema\/person\/0f951154dac029a0d4b562934d683a2b","name":"Karolina","image":{"@type":"ImageObject","inLanguage":"en-US","@id":"https:\/\/www.prownes.pl\/#\/schema\/person\/image\/","url":"https:\/\/secure.gravatar.com\/avatar\/016b76aea4f95958037617ff9c87eec864fca26cdafb7a3990640795c4acf87a?s=96&d=mm&r=g","contentUrl":"https:\/\/secure.gravatar.com\/avatar\/016b76aea4f95958037617ff9c87eec864fca26cdafb7a3990640795c4acf87a?s=96&d=mm&r=g","caption":"Karolina"}}]}},"_links":{"self":[{"href":"https:\/\/www.prownes.pl\/en\/wp-json\/wp\/v2\/posts\/1940","targetHints":{"allow":["GET"]}}],"collection":[{"href":"https:\/\/www.prownes.pl\/en\/wp-json\/wp\/v2\/posts"}],"about":[{"href":"https:\/\/www.prownes.pl\/en\/wp-json\/wp\/v2\/types\/post"}],"author":[{"embeddable":true,"href":"https:\/\/www.prownes.pl\/en\/wp-json\/wp\/v2\/users\/6"}],"replies":[{"embeddable":true,"href":"https:\/\/www.prownes.pl\/en\/wp-json\/wp\/v2\/comments?post=1940"}],"version-history":[{"count":1,"href":"https:\/\/www.prownes.pl\/en\/wp-json\/wp\/v2\/posts\/1940\/revisions"}],"predecessor-version":[{"id":1941,"href":"https:\/\/www.prownes.pl\/en\/wp-json\/wp\/v2\/posts\/1940\/revisions\/1941"}],"wp:attachment":[{"href":"https:\/\/www.prownes.pl\/en\/wp-json\/wp\/v2\/media?parent=1940"}],"wp:term":[{"taxonomy":"category","embeddable":true,"href":"https:\/\/www.prownes.pl\/en\/wp-json\/wp\/v2\/categories?post=1940"},{"taxonomy":"post_tag","embeddable":true,"href":"https:\/\/www.prownes.pl\/en\/wp-json\/wp\/v2\/tags?post=1940"}],"curies":[{"name":"wp","href":"https:\/\/api.w.org\/{rel}","templated":true}]}}